{"id":137,"date":"2021-11-07T12:18:30","date_gmt":"2021-11-07T11:18:30","guid":{"rendered":"http:\/\/soumans.fr\/?p=137"},"modified":"2021-11-23T20:43:58","modified_gmt":"2021-11-23T19:43:58","slug":"elaboration-de-la-carte-communale","status":"publish","type":"post","link":"https:\/\/soumans.fr\/?p=137","title":{"rendered":"Elaboration de la carte communale"},"content":{"rendered":"\n<p>Par d\u00e9lib\u00e9ration du Conseil municipal du 10 octobre 2017, la commune s\u2019est lanc\u00e9e dans une d\u00e9marche de planification de son urbanisme. Une carte communale va \u00eatre \u00e9labor\u00e9e afin de d\u00e9terminer les secteurs o\u00f9 les constructions seront autoris\u00e9es et les secteurs o\u00f9 les constructions ne seront pas admises, \u00e0 l&rsquo;exception de&nbsp;:<\/p>\n\n\n\n<ol class=\"wp-block-list\"><li>&nbsp;l&rsquo;adaptation, le changement de destination,<\/li><li>&nbsp;la r\u00e9fection ou de l&rsquo;extension des constructions existantes<\/li><li>&nbsp;les constructions et installations n\u00e9cessaires \u00e0 :<\/li><\/ol>\n\n\n\n<ul class=\"wp-block-list\"><li>des \u00e9quipements collectifs d\u00e8s lors qu&rsquo;elles ne sont pas incompatibles avec l&rsquo;exercice d&rsquo;une activit\u00e9 agricole, pastorale ou foresti\u00e8re sur le terrain sur lequel elles sont implant\u00e9es et qu&rsquo;elles ne portent pas atteinte \u00e0 la sauvegarde des espaces naturels et des paysages,<\/li><li>&nbsp;\u00e0 l&rsquo;exploitation agricole ou foresti\u00e8re et \u00e0 la mise en valeur des ressources naturelles.<\/li><\/ul>\n\n\n\n<p>Le domaine de l\u2019am\u00e9nagement du territoire et notamment l\u2019urbanisme a consid\u00e9rablement \u00e9volu\u00e9 suite aux publications des lois grenelle 1 du 3\/08\/2009, Grenelle 2 du 12\/07\/2010 et ALUR du 24\/03\/2014. Pour \u00eatre approuv\u00e9e, la carte communale devra respecter ces lois et \u00eatre en conformit\u00e9 avec les grands principes suivants&nbsp;:<\/p>\n\n\n\n<ul class=\"wp-block-list\"><li>Une utilisation \u00e9conome des espaces naturels, la pr\u00e9servation des espaces affect\u00e9s aux activit\u00e9s agricoles et foresti\u00e8res et la protection des sites, des milieux et paysages naturels ;<\/li><li>La sauvegarde des ensembles urbains et du patrimoine b\u00e2ti remarquables ;<\/li><li>La qualit\u00e9 urbaine, architecturale et paysag\u00e8re, notamment des entr\u00e9es de bourg et de village&nbsp;;<\/li><li>La s\u00e9curit\u00e9 et la salubrit\u00e9 publiques&nbsp;;<\/li><li>La pr\u00e9vention des risques naturels pr\u00e9visibles, des risques miniers, des risques technologiques, des pollutions et des nuisances de toute nature ;<\/li><li>La protection des milieux naturels et des paysages, la pr\u00e9servation de la qualit\u00e9 de l&rsquo;air, de l&rsquo;eau, du sol et du sous-sol, des ressources naturelles, de la biodiversit\u00e9, des \u00e9cosyst\u00e8mes, des espaces verts ainsi que la cr\u00e9ation, la pr\u00e9servation et la remise en bon \u00e9tat des continuit\u00e9s \u00e9cologiques ;<\/li><\/ul>\n\n\n\n<p>L\u2019\u00e9laboration de la carte communale va s\u2019\u00e9taler sur l\u2019ann\u00e9e 2018. Une journ\u00e9e \u00ab&nbsp;portes ouvertes&nbsp;\u00bb d\u2019information a \u00e9t\u00e9 organis\u00e9e le mardi 9 janvier. Toute personne voulant plus de pr\u00e9cision peut s\u2019adresser \u00e0 la mairie qui fera suivre au bureau d\u2019\u00e9tudes charg\u00e9 de l\u2019\u00e9laboration de la carte communale.<\/p>\n\n\n\n<p><br><strong>Consultation des personnes publiques<\/strong><br><\/p>\n\n\n\n<p>Dans le cadre de la consultation des personnes publiques autoris\u00e9es, vous trouverez ci-dessous les documents du projet de carte communale au format .pdf (certains fichiers sont volumineux et peuvent demander un peu de patience pour l&rsquo;ouverture compl\u00e8te).<\/p>\n\n\n\n<div class=\"wp-block-file\"><a href=\"https:\/\/soumans.fr\/wp-content\/uploads\/2021\/11\/Rapport-de-presentation-Soumans.pdf\" target=\"_blank\" rel=\"noreferrer noopener\">Rapport-de-presentation-Soumans<\/a><\/div>\n\n\n\n<div class=\"wp-block-file\"><a href=\"https:\/\/soumans.fr\/wp-content\/uploads\/2021\/11\/Plan-de-zonage.pdf\" target=\"_blank\" rel=\"noreferrer noopener\">Plan-de-zonage<\/a><\/div>\n\n\n\n<div class=\"wp-block-file\"><a href=\"https:\/\/soumans.fr\/wp-content\/uploads\/2021\/11\/Annexe-servitudes-dutilite-publique-au-format-A4-portrait.pdf\" target=\"_blank\" rel=\"noreferrer noopener\">Annexe-servitudes-dutilite-publique-au-format-A4-portrait<\/a><\/div>\n\n\n\n<div class=\"wp-block-file\"><a href=\"https:\/\/soumans.fr\/wp-content\/uploads\/2021\/11\/Annexe-carte-des-servitudes-au-format-A1.pdf\" target=\"_blank\" rel=\"noreferrer noopener\">Annexe-carte-des-servitudes-au-format-A1<\/a><\/div>\n\n\n\n<div class=\"wp-block-file\"><a href=\"https:\/\/soumans.fr\/wp-content\/uploads\/2021\/11\/Decision-de-la-Mission-regionale-dautorite-environnementale.pdf\" target=\"_blank\" rel=\"noreferrer noopener\">Decision-de-la-Mission-regionale-dautorite-environnementale<\/a><\/div>\n\n\n\n<p>Les remarques sont \u00e0 adresser \u00e0 la commune de Soumans avant le 23 novembre.<br>La r\u00e9union de travail est fix\u00e9e au vendredi 30 novembre \u00e0 14h30 \u00e0 la mairie de Soumans.<\/p>\n","protected":false},"excerpt":{"rendered":"<p>Par d\u00e9lib\u00e9ration du Conseil municipal du 10 octobre 2017, la commune s\u2019est lanc\u00e9e dans une d\u00e9marche de planification de son urbanisme. Une carte communale va \u00eatre \u00e9labor\u00e9e afin de d\u00e9terminer&hellip;<\/p>\n","protected":false},"author":1,"featured_media":0,"comment_status":"closed","ping_status":"open","sticky":false,"template":"","format":"standard","meta":{"footnotes":""},"categories":[15],"tags":[20,21],"class_list":["post-137","post","type-post","status-publish","format-standard","hentry","category-carte-communale","tag-carte-communale","tag-permis-de-construire"],"_links":{"self":[{"href":"https:\/\/soumans.fr\/index.php?rest_route=\/wp\/v2\/posts\/137","targetHints":{"allow":["GET"]}}],"collection":[{"href":"https:\/\/soumans.fr\/index.php?rest_route=\/wp\/v2\/posts"}],"about":[{"href":"https:\/\/soumans.fr\/index.php?rest_route=\/wp\/v2\/types\/post"}],"author":[{"embeddable":true,"href":"https:\/\/soumans.fr\/index.php?rest_route=\/wp\/v2\/users\/1"}],"replies":[{"embeddable":true,"href":"https:\/\/soumans.fr\/index.php?rest_route=%2Fwp%2Fv2%2Fcomments&post=137"}],"version-history":[{"count":8,"href":"https:\/\/soumans.fr\/index.php?rest_route=\/wp\/v2\/posts\/137\/revisions"}],"predecessor-version":[{"id":268,"href":"https:\/\/soumans.fr\/index.php?rest_route=\/wp\/v2\/posts\/137\/revisions\/268"}],"wp:attachment":[{"href":"https:\/\/soumans.fr\/index.php?rest_route=%2Fwp%2Fv2%2Fmedia&parent=137"}],"wp:term":[{"taxonomy":"category","embeddable":true,"href":"https:\/\/soumans.fr\/index.php?rest_route=%2Fwp%2Fv2%2Fcategories&post=137"},{"taxonomy":"post_tag","embeddable":true,"href":"https:\/\/soumans.fr\/index.php?rest_route=%2Fwp%2Fv2%2Ftags&post=137"}],"curies":[{"name":"wp","href":"https:\/\/api.w.org\/{rel}","templated":true}]}}